{"id":16023,"date":"2024-09-05T13:08:51","date_gmt":"2024-09-05T17:08:51","guid":{"rendered":"https:\/\/tribu.la\/?p=16023"},"modified":"2024-09-05T13:08:55","modified_gmt":"2024-09-05T17:08:55","slug":"latino-americanos-entre-os-finalistas-do-premio-ecopreneur-da-onu-para-jovens","status":"publish","type":"post","link":"https:\/\/tribu.la\/pt\/latin-americans-among-finalists-in-un-youth-ecopreneur-awards\/","title":{"rendered":"Latino-americanos entre os finalistas do Pr\u00eamio Jovem Ecopreneur da ONU"},"content":{"rendered":"<p>Oito startups lideradas por jovens da \u00c1frica, \u00c1sia, Caribe e Am\u00e9rica do Sul foram nomeadas como finalistas do programa de treinamento das Na\u00e7\u00f5es Unidas para jovens. <a href=\"https:\/\/social.yecommunity.com\/page\/youth-ecopreneur-programme\" title=\"\">Pr\u00eamio Jovem Ecopreneur<\/a>. Esses pr\u00eamios, organizados pelo International Trade Centre (ITC) e pela Iniciativa Global de Terras do G20 da Conven\u00e7\u00e3o das Na\u00e7\u00f5es Unidas de Combate \u00e0 Desertifica\u00e7\u00e3o, ser\u00e3o realizados em 21 de setembro, paralelamente \u00e0 C\u00fapula do Futuro das Na\u00e7\u00f5es Unidas e \u00e0 Semana do Clima de Nova York.<\/p>\n\n\n\n<p>Os finalistas foram selecionados em um grupo de 850 jovens empreendedores representando mais de 100 pa\u00edses, com foco nos pa\u00edses em desenvolvimento. Eles s\u00e3o reconhecidos por suas abordagens inovadoras de restaura\u00e7\u00e3o de terras e solu\u00e7\u00f5es de neg\u00f3cios ecol\u00f3gicos. Cada finalista apresentar\u00e1 sua ideia de neg\u00f3cio a um painel de ju\u00edzes para concorrer a um pr\u00eamio em dinheiro e a servi\u00e7os de suporte empresarial.<\/p>\n\n\n\n<p>Entre os finalistas est\u00e3o duas start-ups da Am\u00e9rica Latina:<\/p>\n\n\n\n<ul class=\"wp-block-list\">\n<li><strong>Fernando De Lucca, Ceres Seeding (Brasil):<\/strong> Com foco na restaura\u00e7\u00e3o de terras, a Ceres Seeding utiliza drones para plantar sementes nativas em \u00e1reas degradadas, com o objetivo de restaurar ecossistemas de forma eficiente e sustent\u00e1vel.<\/li>\n\n\n\n<li><strong>Andres Bisono Leon, SOS Carbon (Rep\u00fablica Dominicana):<\/strong> Na categoria de restaura\u00e7\u00e3o de terras, a SOS Carbon converte algas invasoras em fertilizantes sustent\u00e1veis, oferecendo uma solu\u00e7\u00e3o ecologicamente correta para um problema crescente.<\/li>\n<\/ul>\n\n\n\n<p>O setor de tecnologia agroalimentar tamb\u00e9m est\u00e1 bem representado entre os finalistas:<\/p>\n\n\n\n<ul class=\"wp-block-list\">\n<li><strong>Maryanne Gichanga, AgriTech Analytics Limited (Qu\u00eania):<\/strong> Usa ferramentas com tecnologia de IA para ajudar pequenos agricultores a combater a degrada\u00e7\u00e3o do solo e aumentar a produtividade das colheitas.<\/li>\n\n\n\n<li><strong>Wei Li Ng, Global Cerah Sdn Bhd (Mal\u00e1sia):<\/strong> Concentra-se na transforma\u00e7\u00e3o de res\u00edduos agr\u00edcolas em prote\u00ednas e fertilizantes alternativos, abordando os desafios da seguran\u00e7a alimentar e do gerenciamento de res\u00edduos.<\/li>\n<\/ul>\n\n\n\n<p>O evento tem o apoio do Governo de Madagascar e do Grupo Principal das Na\u00e7\u00f5es Unidas para Crian\u00e7as e Jovens e ser\u00e1 apresentado pela Diretora Executiva do ITC, Pamela Coke-Hamilton, ao lado do Ministro do Meio Ambiente e Desenvolvimento Sustent\u00e1vel de Madagascar, Max Andonirina Fontaine, ex-finalista do Youth Ecopreneur.<\/p>\n\n\n\n<p>Os vencedores de cada uma das duas categorias - restaura\u00e7\u00e3o de terras e solu\u00e7\u00f5es de neg\u00f3cios ecol\u00f3gicos - receber\u00e3o o Pr\u00eamio Jovem Ecopreneur, um pr\u00eamio em dinheiro de $10.000 e um conjunto de servi\u00e7os de suporte a neg\u00f3cios fornecidos pela Organiza\u00e7\u00e3o Mundial da Propriedade Intelectual, Sidley Austin LLP e Google Startups for Sustainable Development.<\/p>","protected":false},"excerpt":{"rendered":"<p>Duas start-ups latino-americanas, a Ceres Seeding (Brasil) e a SOS Carbon (Rep\u00fablica Dominicana), s\u00e3o finalistas do Pr\u00eamio Jovem Ecopreneur da ONU.<\/p>","protected":false},"author":16,"featured_media":16024,"comment_status":"open","ping_status":"open","sticky":false,"template":"","format":"standard","meta":{"_monsterinsights_skip_tracking":false,"_monsterinsights_sitenote_active":false,"_monsterinsights_sitenote_note":"","_monsterinsights_sitenote_category":0,"_vp_format_video_url":"","_vp_image_focal_point":[],"_jetpack_memberships_contains_paid_content":false,"footnotes":""},"categories":[332,410],"tags":[345,258,584],"class_list":["post-16023","post","type-post","status-publish","format-standard","has-post-thumbnail","hentry","category-news","category-tribu","tag-startup-program","tag-sustainability","tag-united-nations"],"acf":[],"aioseo_notices":[],"jetpack_featured_media_url":"https:\/\/tribu.la\/wp-content\/uploads\/2024\/09\/youth.webp","jetpack_sharing_enabled":true,"publishpress_future_action":{"enabled":false,"date":"2026-05-03 20:44:51","action":"category","newStatus":"draft","terms":[337],"taxonomy":"category","extraData":[]},"publishpress_future_workflow_manual_trigger":{"enabledWorkflows":[]},"_links":{"self":[{"href":"https:\/\/tribu.la\/pt\/wp-json\/wp\/v2\/posts\/16023","targetHints":{"allow":["GET"]}}],"collection":[{"href":"https:\/\/tribu.la\/pt\/wp-json\/wp\/v2\/posts"}],"about":[{"href":"https:\/\/tribu.la\/pt\/wp-json\/wp\/v2\/types\/post"}],"author":[{"embeddable":true,"href":"https:\/\/tribu.la\/pt\/wp-json\/wp\/v2\/users\/16"}],"replies":[{"embeddable":true,"href":"https:\/\/tribu.la\/pt\/wp-json\/wp\/v2\/comments?post=16023"}],"version-history":[{"count":1,"href":"https:\/\/tribu.la\/pt\/wp-json\/wp\/v2\/posts\/16023\/revisions"}],"predecessor-version":[{"id":16025,"href":"https:\/\/tribu.la\/pt\/wp-json\/wp\/v2\/posts\/16023\/revisions\/16025"}],"wp:featuredmedia":[{"embeddable":true,"href":"https:\/\/tribu.la\/pt\/wp-json\/wp\/v2\/media\/16024"}],"wp:attachment":[{"href":"https:\/\/tribu.la\/pt\/wp-json\/wp\/v2\/media?parent=16023"}],"wp:term":[{"taxonomy":"category","embeddable":true,"href":"https:\/\/tribu.la\/pt\/wp-json\/wp\/v2\/categories?post=16023"},{"taxonomy":"post_tag","embeddable":true,"href":"https:\/\/tribu.la\/pt\/wp-json\/wp\/v2\/tags?post=16023"}],"curies":[{"name":"wp","href":"https:\/\/api.w.org\/{rel}","templated":true}]}}