{"id":15383,"date":"2024-08-07T09:54:00","date_gmt":"2024-08-07T13:54:00","guid":{"rendered":"https:\/\/tribu.la\/?p=15383"},"modified":"2024-08-08T14:00:07","modified_gmt":"2024-08-08T18:00:07","slug":"farmhand-ventures-publica-pesquisa-sobre-inovacao-inclusiva-na-agricultura","status":"publish","type":"post","link":"https:\/\/tribu.la\/pt\/farmhand-ventures-publishes-research-on-inclusive-innovation-in-agriculture\/","title":{"rendered":"Farmhand Ventures publica pesquisa sobre inova\u00e7\u00e3o inclusiva na agricultura"},"content":{"rendered":"<p><a href=\"https:\/\/farmhandventures.com\/\" title=\"\">Farmhand Ventures<\/a> publicou um artigo de pesquisa intitulado <a href=\"https:\/\/escholarship.org\/uc\/item\/1s8684rc\" title=\"\">\"Inova\u00e7\u00e3o inclusiva na agricultura: Redesenhando Ecossistemas Agtech para Todos\".<\/a> O estudo, financiado pelo Valley Institute for Sustainability, Technology and Agriculture (VISTA) da UC Merced, aborda a necessidade de abordagens inclusivas no desenvolvimento de tecnologia agr\u00edcola.<\/p>\n\n\n\n<p>Liderado por Connie Bowen, com contribui\u00e7\u00f5es de Suma Reddy, Jamil Wynne e Sarah Mock, o documento se baseia em entrevistas com empres\u00e1rios e organiza\u00e7\u00f5es de apoio para propor cinco pr\u00e1ticas recomendadas para a inova\u00e7\u00e3o na agricultura. Ele enfatiza a import\u00e2ncia do envolvimento de diversas partes interessadas para garantir que as solu\u00e7\u00f5es sejam vi\u00e1veis, socialmente aceit\u00e1veis e praticamente utiliz\u00e1veis.<\/p>\n\n\n\n<p>Os autores destacam os desafios exclusivos da tecnologia agr\u00edcola, incluindo financiamento limitado, restri\u00e7\u00f5es sazonais e uma for\u00e7a de trabalho diversificada. Esses desafios exigem estrat\u00e9gias inclusivas que re\u00fanam v\u00e1rias partes interessadas para desenvolver solu\u00e7\u00f5es que atendam \u00e0s necessidades do mundo real. \"Incluir as pessoas que realmente fazem o trabalho no processo de inova\u00e7\u00e3o diminui o desenvolvimento de produtos\", disse Bowen. Ela enfatizou a import\u00e2ncia da colabora\u00e7\u00e3o para manter a seguran\u00e7a alimentar dom\u00e9stica, uma vez que menos de 1% dos americanos t\u00eam contato direto com fazendas e que a popula\u00e7\u00e3o agr\u00edcola atual est\u00e1 envelhecendo.<\/p>\n\n\n\n<p>O professor Joshua Viers, diretor do corpo docente da Farms, Food, Future Innovation Initiative na UC Merced (F3 Innovate), observou que a inova\u00e7\u00e3o inclusiva \u00e9 crucial para melhores resultados na agricultura, especialmente na Calif\u00f3rnia, l\u00edder em clima, equidade e desenvolvimento econ\u00f4mico. O relat\u00f3rio fornece estrat\u00e9gias para que os empreendedores se envolvam com todas as partes interessadas, especialmente os grupos marginalizados, garantindo perspectivas diversas no desenvolvimento de solu\u00e7\u00f5es.<\/p>\n\n\n\n<p>Suma Reddy, da Riffle Ventures, ressaltou a import\u00e2ncia de preencher a lacuna entre os empreendedores de agrotecnologia e aqueles que trabalham nas fazendas. Kimberly Gibson, pesquisadora de p\u00f3s-doutorado em inova\u00e7\u00e3o inclusiva na UC Merced, descreveu o relat\u00f3rio como um recurso valioso para os inovadores de agtech, oferecendo recomenda\u00e7\u00f5es concretas para alinhar a tecnologia com as necessidades do mundo real.<\/p>\n\n\n\n<p>Leigh Bernacchi, diretor executivo da F3 Innovate na UC Merced, expressou sua esperan\u00e7a de que o guia ajude a criar tecnologia e solu\u00e7\u00f5es mais relevantes para desafios significativos na agricultura. O programa F3 Innovate, uma colabora\u00e7\u00e3o entre a Central Valley Community Foundation, l\u00edderes do setor e pesquisadores da UC Merced, tem como objetivo promover a inova\u00e7\u00e3o inclusiva e avan\u00e7ar nas pr\u00e1ticas agr\u00edcolas sustent\u00e1veis.<\/p>\n\n\n\n<p><\/p>","protected":false},"excerpt":{"rendered":"<p>O trabalho de pesquisa da Farmhand Ventures enfatiza a inova\u00e7\u00e3o inclusiva na agricultura, envolvendo diversas partes interessadas para desenvolver solu\u00e7\u00f5es vi\u00e1veis e socialmente aceit\u00e1veis.<\/p>","protected":false},"author":16,"featured_media":15384,"comment_status":"open","ping_status":"open","sticky":false,"template":"","format":"standard","meta":{"_monsterinsights_skip_tracking":false,"_monsterinsights_sitenote_active":false,"_monsterinsights_sitenote_note":"","_monsterinsights_sitenote_category":0,"_vp_format_video_url":"","_vp_image_focal_point":[],"_jetpack_memberships_contains_paid_content":false,"footnotes":""},"categories":[332,410],"tags":[317,224,548],"class_list":["post-15383","post","type-post","status-publish","format-standard","has-post-thumbnail","hentry","category-news","category-tribu","tag-agtech","tag-agriculture","tag-research"],"acf":{"content_format":false},"aioseo_notices":[],"jetpack_featured_media_url":"https:\/\/tribu.la\/wp-content\/uploads\/2024\/08\/inclusive-innovation.webp","jetpack_sharing_enabled":true,"publishpress_future_action":{"enabled":false,"date":"2026-05-06 04:40:38","action":"category","newStatus":"draft","terms":[337],"taxonomy":"category","extraData":[]},"publishpress_future_workflow_manual_trigger":{"enabledWorkflows":[]},"_links":{"self":[{"href":"https:\/\/tribu.la\/pt\/wp-json\/wp\/v2\/posts\/15383","targetHints":{"allow":["GET"]}}],"collection":[{"href":"https:\/\/tribu.la\/pt\/wp-json\/wp\/v2\/posts"}],"about":[{"href":"https:\/\/tribu.la\/pt\/wp-json\/wp\/v2\/types\/post"}],"author":[{"embeddable":true,"href":"https:\/\/tribu.la\/pt\/wp-json\/wp\/v2\/users\/16"}],"replies":[{"embeddable":true,"href":"https:\/\/tribu.la\/pt\/wp-json\/wp\/v2\/comments?post=15383"}],"version-history":[{"count":1,"href":"https:\/\/tribu.la\/pt\/wp-json\/wp\/v2\/posts\/15383\/revisions"}],"predecessor-version":[{"id":15385,"href":"https:\/\/tribu.la\/pt\/wp-json\/wp\/v2\/posts\/15383\/revisions\/15385"}],"wp:featuredmedia":[{"embeddable":true,"href":"https:\/\/tribu.la\/pt\/wp-json\/wp\/v2\/media\/15384"}],"wp:attachment":[{"href":"https:\/\/tribu.la\/pt\/wp-json\/wp\/v2\/media?parent=15383"}],"wp:term":[{"taxonomy":"category","embeddable":true,"href":"https:\/\/tribu.la\/pt\/wp-json\/wp\/v2\/categories?post=15383"},{"taxonomy":"post_tag","embeddable":true,"href":"https:\/\/tribu.la\/pt\/wp-json\/wp\/v2\/tags?post=15383"}],"curies":[{"name":"wp","href":"https:\/\/api.w.org\/{rel}","templated":true}]}}