{"id":13436,"date":"2024-04-12T11:51:23","date_gmt":"2024-04-12T15:51:23","guid":{"rendered":"https:\/\/tribu.la\/?p=13436"},"modified":"2026-04-14T14:03:52","modified_gmt":"2026-04-14T18:03:52","slug":"frances-top-administrative-court-suspends-ban-on-steak-labeling-for-plant-based-products","status":"publish","type":"post","link":"https:\/\/tribu.la\/pt\/frances-top-administrative-court-suspends-ban-on-steak-labeling-for-plant-based-products\/","title":{"rendered":"O Tribunal Administrativo Superior da Fran\u00e7a suspende a proibi\u00e7\u00e3o da rotulagem \"Steak\" para produtos \u00e0 base de plantas"},"content":{"rendered":"<p>France&#8217;s ongoing debate over the labeling of plant-based meat alternatives has reached a significant juncture, as the country&#8217;s highest administrative court suspended a decree aimed at banning terms like &#8220;steak&#8221; from such products. The initial decree, issued by the government in February, targeted 21 meat-related terms, including &#8220;spare rib,&#8221; &#8220;ham,&#8221; &#8220;escalope,&#8221; and &#8220;butcher.&#8221;<\/p>\n\n\n\n<p>Scheduled to take effect on May 1, 2024, the decree faced scrutiny over its legality and practical enforceability. The Conseil d\u2019\u00c9tat, France&#8217;s administrative court, expressed doubts about the ban&#8217;s legality, prompting its suspension pending review by the European Union\u2019s Court of Justice.<\/p>\n\n\n\n<p>Critics argue that such bans could confuse consumers and undermine efforts towards sustainable and healthy food systems. While meat and dairy companies have raised concerns about potential consumer confusion, there&#8217;s little evidence to support their claims.<\/p>\n\n\n\n<div class=\"wp-block-fluent-crm-conditional-content\"><div class=\"fc-cond-blocks\">\n<hr class=\"wp-block-separator has-alpha-channel-opacity\"\/>\n\n\n\n<p class=\"has-text-color has-link-color wp-elements-7c1a4c1ee8bafae5d5065b126af965af\" style=\"color:#555555\"><strong>N\u00e3o perca essa chance!<\/strong> Assine nosso boletim informativo para receber o conte\u00fado mais recente diretamente em sua caixa de entrada ou <a href=\"https:\/\/tribu.la\/pt\/registro\/\" target=\"_blank\" rel=\"noreferrer noopener\">registro<\/a> GRATUITAMENTE para obter acesso total.<\/p>\n\n\n<div class='fluentform ff-default fluentform_wrapper_2  ff_guten_block ff_guten_block-2 ffs_default_wrap'><form data-form_id=\"2\" id=\"fluentform_2\" class=\"frm-fluent-form fluent_form_2 ff-el-form-top ff_form_instance_2_1 ff-form-loading ffs_default\" data-form_instance=\"ff_form_instance_2_1\" method=\"POST\" action=\"\" ><fieldset  style=\"border: none!important;margin: 0!important;padding: 0!important;background-color: transparent!important;box-shadow: none!important;outline: none!important; min-inline-size: 100%;\">\n                    <legend class=\"ff_screen_reader_title\" style=\"display: block; margin: 0!important;padding: 0!important;height: 0!important;text-indent: -999999px;width: 0!important;overflow:hidden;\">Formul\u00e1rio de assinatura<\/legend><input type='hidden' name='__fluent_form_embded_post_id' value='13436' \/><input type=\"hidden\" id=\"_fluentform_2_fluentformnonce\" name=\"_fluentform_2_fluentformnonce\" value=\"820d70a5cf\" \/><input type=\"hidden\" name=\"_wp_http_referer\" value=\"\/pt\/wp-json\/wp\/v2\/posts\/13436\" \/><div data-name=\"ff_cn_id_1\"  class='ff-t-container ff-column-container ff_columns_total_2'><div class='ff-t-cell ff-t-column-1' style='flex-basis: 65%;'><div class='ff-el-group'><div class='ff-el-input--content'><input type=\"email\" name=\"email\" id=\"ff_2_email\" class=\"ff-el-form-control\" placeholder=\"Seu e-mail\" data-name=\"email\"  aria-invalid=\"false\" aria-required=\"true\"><\/div><\/div><\/div><div class='ff-t-cell ff-t-column-2' style='flex-basis: 35%;'><div class='ff-el-group ff-text-left ff_submit_btn_wrapper ff_submit_btn_wrapper_custom'><button class=\"ff-btn ff-btn-submit ff-btn-md ff_btn_style wpf_has_custom_css\" type=\"submit\" name=\"custom_submit_button-2_1\" data-name=\"custom_submit_button-2_1\"  aria-label=\"Assine\">Assine<\/button><style>form.fluent_form_2 .wpf_has_custom_css.ff-btn-submit { background-color:rgba(0, 0, 0, 1);border-color:rgba(0, 0, 0, 1);color:#ffffff;min-width:100%; }form.fluent_form_2 .wpf_has_custom_css.ff-btn-submit:hover { background-color:#ffffff;border-color:#409EFF;color:#409EFF;min-width:100%; } <\/style><\/div><\/div><\/div><\/fieldset><input type=\"hidden\" name=\"trp-form-language\" value=\"pt\"\/><\/form><div id='fluentform_2_errors' class='ff-errors-in-stack ff_form_instance_2_1 ff-form-loading_errors ff_form_instance_2_1_errors'><\/div><\/div>            <script type=\"text\/javascript\">\n                window.fluent_form_ff_form_instance_2_1 = {\"id\":\"2\",\"settings\":{\"layout\":{\"labelPlacement\":\"top\",\"helpMessagePlacement\":\"with_label\",\"errorMessagePlacement\":\"inline\",\"asteriskPlacement\":\"\"},\"restrictions\":{\"denyEmptySubmission\":{\"enabled\":false}}},\"form_instance\":\"ff_form_instance_2_1\",\"form_id_selector\":\"fluentform_2\",\"rules\":{\"email\":{\"required\":{\"value\":true,\"message\":\"This field is required\"},\"email\":{\"value\":true,\"message\":\"This field must contain a valid email\"}}},\"debounce_time\":300};\n                            <\/script>\n            \n\n\n<hr class=\"wp-block-separator has-alpha-channel-opacity\"\/>\n<\/div><\/div>\n\n\n\n<p>France&#8217;s move to ban meat-related terms from plant-based products mirrors similar efforts in Belgium and a proposal rejected by the European Parliament in 2021. As more Europeans adopt plant-based diets for health and environmental reasons, the debate surrounding labeling regulations intensifies.<\/p>\n\n\n\n<p>Nicholas Schweitzer, CEO of French vegan bacon innovator La Vie, denounced the proposed ban as &#8220;complete nonsense,&#8221; arguing that it contradicts France&#8217;s official priorities of combating global warming and promoting industrial growth.<\/p>\n\n\n\n<p>The suspension of the decree reflects broader tensions between traditional and alternative food industries, underscoring the complexities of regulating plant-based products in a rapidly evolving market. As stakeholders await further legal developments, the future of labeling for plant-based alternatives remains uncertain in France and across the European Union.<\/p>","protected":false},"excerpt":{"rendered":"<p>France&#8217;s ongoing debate over the labeling of plant-based meat alternatives has reached a significant juncture, as the country&#8217;s highest administrative court suspended a decree aimed&hellip;<\/p>","protected":false},"author":16,"featured_media":13437,"comment_status":"open","ping_status":"closed","sticky":false,"template":"","format":"standard","meta":{"_monsterinsights_skip_tracking":false,"_monsterinsights_sitenote_active":false,"_monsterinsights_sitenote_note":"","_monsterinsights_sitenote_category":0,"_vp_format_video_url":"","_vp_image_focal_point":[],"_jetpack_memberships_contains_paid_content":false,"footnotes":""},"categories":[602],"tags":[242,330,298,324],"class_list":["post-13436","post","type-post","status-publish","format-standard","has-post-thumbnail","hentry","category-world","tag-alternative-proteins","tag-cpg","tag-plant-based","tag-policy"],"acf":[],"aioseo_notices":[],"jetpack_featured_media_url":"https:\/\/tribu.la\/wp-content\/uploads\/2024\/04\/likemeat-yKiztoqbAHI-unsplash.webp","jetpack_sharing_enabled":true,"publishpress_future_action":{"enabled":false,"date":"2026-05-04 21:56:39","action":"category","newStatus":"draft","terms":[337],"taxonomy":"category","extraData":[]},"publishpress_future_workflow_manual_trigger":{"enabledWorkflows":[]},"_links":{"self":[{"href":"https:\/\/tribu.la\/pt\/wp-json\/wp\/v2\/posts\/13436","targetHints":{"allow":["GET"]}}],"collection":[{"href":"https:\/\/tribu.la\/pt\/wp-json\/wp\/v2\/posts"}],"about":[{"href":"https:\/\/tribu.la\/pt\/wp-json\/wp\/v2\/types\/post"}],"author":[{"embeddable":true,"href":"https:\/\/tribu.la\/pt\/wp-json\/wp\/v2\/users\/16"}],"replies":[{"embeddable":true,"href":"https:\/\/tribu.la\/pt\/wp-json\/wp\/v2\/comments?post=13436"}],"version-history":[{"count":1,"href":"https:\/\/tribu.la\/pt\/wp-json\/wp\/v2\/posts\/13436\/revisions"}],"predecessor-version":[{"id":21636,"href":"https:\/\/tribu.la\/pt\/wp-json\/wp\/v2\/posts\/13436\/revisions\/21636"}],"wp:featuredmedia":[{"embeddable":true,"href":"https:\/\/tribu.la\/pt\/wp-json\/wp\/v2\/media\/13437"}],"wp:attachment":[{"href":"https:\/\/tribu.la\/pt\/wp-json\/wp\/v2\/media?parent=13436"}],"wp:term":[{"taxonomy":"category","embeddable":true,"href":"https:\/\/tribu.la\/pt\/wp-json\/wp\/v2\/categories?post=13436"},{"taxonomy":"post_tag","embeddable":true,"href":"https:\/\/tribu.la\/pt\/wp-json\/wp\/v2\/tags?post=13436"}],"curies":[{"name":"wp","href":"https:\/\/api.w.org\/{rel}","templated":true}]}}