{"id":13207,"date":"2024-03-27T11:36:20","date_gmt":"2024-03-27T15:36:20","guid":{"rendered":"https:\/\/tribu.la\/?p=13207"},"modified":"2024-04-05T14:15:56","modified_gmt":"2024-04-05T18:15:56","slug":"tackling-food-insecurity-in-latam-leaders-convene-at-fao-regional-conference-in-guyana","status":"publish","type":"post","link":"https:\/\/tribu.la\/pt\/tackling-food-insecurity-in-latam-leaders-convene-at-fao-regional-conference-in-guyana\/","title":{"rendered":"Combatendo a inseguran\u00e7a alimentar na Am\u00e9rica Latina: L\u00edderes se re\u00fanem na Confer\u00eancia Regional da FAO na Guiana"},"content":{"rendered":"<p>Em um encontro marcado por reflex\u00f5es s\u00f3brias e apelos urgentes \u00e0 a\u00e7\u00e3o, teve in\u00edcio na Guiana o Segmento Ministerial da 38\u00aa Sess\u00e3o da Confer\u00eancia Regional da Organiza\u00e7\u00e3o das Na\u00e7\u00f5es Unidas para Agricultura e Alimenta\u00e7\u00e3o (FAO) para a Am\u00e9rica Latina e o Caribe. O evento reuniu l\u00edderes e partes interessadas de toda a regi\u00e3o para tratar dos desafios urgentes enfrentados pela seguran\u00e7a alimentar, nutri\u00e7\u00e3o e sistemas agroalimentares.<\/p>\n\n\n\n<p>Destacando o papel fundamental da Am\u00e9rica Latina e do Caribe na seguran\u00e7a alimentar global, QU Dongyu, diretor-geral da FAO, ressaltou os principais objetivos, incluindo a prote\u00e7\u00e3o das popula\u00e7\u00f5es mais vulner\u00e1veis, a redu\u00e7\u00e3o das desigualdades e o aumento do acesso ao mercado. <strong>Como a regi\u00e3o contribui significativamente para a produ\u00e7\u00e3o e o com\u00e9rcio global de alimentos, compreendendo 13% da primeira e 45% da segunda, os riscos para seus sistemas agroalimentares s\u00e3o imensos.<\/strong><\/p>\n\n\n\n<p>Entretanto, apesar de ser uma exportadora l\u00edquida de alimentos, a depend\u00eancia da regi\u00e3o do com\u00e9rcio de commodities a exp\u00f5e a flutua\u00e7\u00f5es macroecon\u00f4micas, tens\u00f5es geopol\u00edticas e aos impactos da mudan\u00e7a clim\u00e1tica. Esses fatores, por sua vez, amea\u00e7am os pre\u00e7os dos alimentos, a renda e, por fim, a seguran\u00e7a alimentar e os resultados nutricionais.<\/p>\n\n\n\n<p>A pandemia da COVID-19 exacerbou os desafios existentes, levando a um aumento da subnutri\u00e7\u00e3o em determinadas sub-regi\u00f5es. As estimativas mais recentes da FAO revelam que, embora tenha havido progresso na Am\u00e9rica do Sul, com a subnutri\u00e7\u00e3o diminuindo de 7,0% para 6,1%, a Mesoam\u00e9rica apresentou mudan\u00e7as marginais e o Caribe testemunhou um aumento alarmante de 14,7% para 16,3%.<\/p>\n\n\n\n<div class=\"wp-block-fluent-crm-conditional-content\"><div class=\"fc-cond-blocks\">\n<hr class=\"wp-block-separator has-alpha-channel-opacity\"\/>\n\n\n\n<p class=\"has-text-color has-link-color wp-elements-7c1a4c1ee8bafae5d5065b126af965af\" style=\"color:#555555\"><strong>N\u00e3o perca essa chance!<\/strong> Assine nosso boletim informativo para receber o conte\u00fado mais recente diretamente em sua caixa de entrada ou <a href=\"https:\/\/tribu.la\/pt\/registro\/\" target=\"_blank\" rel=\"noreferrer noopener\">registro<\/a> GRATUITAMENTE para obter acesso total.<\/p>\n\n\n<div class='fluentform ff-default fluentform_wrapper_2  ff_guten_block ff_guten_block-2 ffs_default_wrap'><form data-form_id=\"2\" id=\"fluentform_2\" class=\"frm-fluent-form fluent_form_2 ff-el-form-top ff_form_instance_2_1 ff-form-loading ffs_default\" data-form_instance=\"ff_form_instance_2_1\" method=\"POST\" action=\"\" ><fieldset  style=\"border: none!important;margin: 0!important;padding: 0!important;background-color: transparent!important;box-shadow: none!important;outline: none!important; min-inline-size: 100%;\">\n                    <legend class=\"ff_screen_reader_title\" style=\"display: block; margin: 0!important;padding: 0!important;height: 0!important;text-indent: -999999px;width: 0!important;overflow:hidden;\">Formul\u00e1rio de assinatura<\/legend><input type='hidden' name='__fluent_form_embded_post_id' value='13207' \/><input type=\"hidden\" id=\"_fluentform_2_fluentformnonce\" name=\"_fluentform_2_fluentformnonce\" value=\"61ce547b3d\" \/><input type=\"hidden\" name=\"_wp_http_referer\" value=\"\/pt\/wp-json\/wp\/v2\/posts\/13207\" \/><div data-name=\"ff_cn_id_1\"  class='ff-t-container ff-column-container ff_columns_total_2'><div class='ff-t-cell ff-t-column-1' style='flex-basis: 65%;'><div class='ff-el-group'><div class='ff-el-input--content'><input type=\"email\" name=\"email\" id=\"ff_2_email\" class=\"ff-el-form-control\" placeholder=\"Seu e-mail\" data-name=\"email\"  aria-invalid=\"false\" aria-required=\"true\"><\/div><\/div><\/div><div class='ff-t-cell ff-t-column-2' style='flex-basis: 35%;'><div class='ff-el-group ff-text-left ff_submit_btn_wrapper ff_submit_btn_wrapper_custom'><button class=\"ff-btn ff-btn-submit ff-btn-md ff_btn_style wpf_has_custom_css\" type=\"submit\" name=\"custom_submit_button-2_1\" data-name=\"custom_submit_button-2_1\"  aria-label=\"Assine\">Assine<\/button><style>form.fluent_form_2 .wpf_has_custom_css.ff-btn-submit { background-color:rgba(0, 0, 0, 1);border-color:rgba(0, 0, 0, 1);color:#ffffff;min-width:100%; }form.fluent_form_2 .wpf_has_custom_css.ff-btn-submit:hover { background-color:#ffffff;border-color:#409EFF;color:#409EFF;min-width:100%; } <\/style><\/div><\/div><\/div><\/fieldset><input type=\"hidden\" name=\"trp-form-language\" value=\"pt\"\/><\/form><div id='fluentform_2_errors' class='ff-errors-in-stack ff_form_instance_2_1 ff-form-loading_errors ff_form_instance_2_1_errors'><\/div><\/div>            <script type=\"text\/javascript\">\n                window.fluent_form_ff_form_instance_2_1 = {\"id\":\"2\",\"settings\":{\"layout\":{\"labelPlacement\":\"top\",\"helpMessagePlacement\":\"with_label\",\"errorMessagePlacement\":\"inline\",\"asteriskPlacement\":\"\"},\"restrictions\":{\"denyEmptySubmission\":{\"enabled\":false}}},\"form_instance\":\"ff_form_instance_2_1\",\"form_id_selector\":\"fluentform_2\",\"rules\":{\"email\":{\"required\":{\"value\":true,\"message\":\"This field is required\"},\"email\":{\"value\":true,\"message\":\"This field must contain a valid email\"}}},\"debounce_time\":300};\n                            <\/script>\n            \n\n\n<hr class=\"wp-block-separator has-alpha-channel-opacity\"\/>\n<\/div><\/div>\n\n\n\n<p>O presidente da Guiana, Mohamed Irfaan Ali, enfatizou o imperativo de criar sistemas agroalimentares resilientes e protegidos contra o clima. Ele enfatizou a necessidade de uma tomada de decis\u00e3o baseada em dados e um foco renovado na nutri\u00e7\u00e3o, defendendo o retorno aos alimentos tradicionais de origem local.<\/p>\n\n\n\n<p>Zulfikar Mustapha, Ministro da Agricultura da Guiana e Presidente da Confer\u00eancia Regional, destacou o progresso das principais iniciativas em seu pa\u00eds, como o refor\u00e7o da produ\u00e7\u00e3o de prote\u00edna animal e a promo\u00e7\u00e3o de oportunidades de empreendedorismo para os jovens, ressaltando o compromisso com a integra\u00e7\u00e3o do com\u00e9rcio agroalimentar regional.<\/p>\n\n\n\n<p>Ao abordar a necessidade de abordagens multilaterais, o Diretor-Geral Qu enfatizou os esfor\u00e7os da FAO para mitigar o impacto dos choques de pre\u00e7os e das interrup\u00e7\u00f5es na cadeia de suprimentos, particularmente cruciais para as popula\u00e7\u00f5es vulner\u00e1veis. Ele tamb\u00e9m pediu o fortalecimento das parcerias e destacou o apoio da FAO a iniciativas como a proposta da For\u00e7a-Tarefa do G20 para a Alian\u00e7a Global contra a Fome e a Pobreza.<\/p>\n\n\n\n<p>A Confer\u00eancia Regional tem como objetivo avan\u00e7ar as discuss\u00f5es sobre t\u00f3picos cruciais, incluindo pesca e aquicultura, estrat\u00e9gias comerciais para combater a fome e abordar os desafios interconectados de \u00e1gua, florestas, biodiversidade e solo no contexto das mudan\u00e7as clim\u00e1ticas. Os eventos especiais abordar\u00e3o o aproveitamento da ci\u00eancia e da inova\u00e7\u00e3o digital para a agricultura familiar, a transforma\u00e7\u00e3o do sistema agroalimentar em pequenos Estados insulares em desenvolvimento e o direcionamento de investimentos por meio da Iniciativa Hand in Hand da FAO.<\/p>\n\n\n\n<p>No centro das discuss\u00f5es est\u00e3o quatro prioridades regionais interconectadas, alinhadas com a Estrutura Estrat\u00e9gica da FAO para 2022-31: melhor produ\u00e7\u00e3o, nutri\u00e7\u00e3o, meio ambiente e vida. Essas prioridades buscam catalisar a transforma\u00e7\u00e3o dos sistemas agroalimentares por meio do aumento da efici\u00eancia, da inclus\u00e3o, da sustentabilidade e da resili\u00eancia, sem deixar ningu\u00e9m para tr\u00e1s.<\/p>\n\n\n\n<p>\u00c0 medida que o Segmento Ministerial se desenrola, os l\u00edderes t\u00eam a tarefa de forjar solu\u00e7\u00f5es e compromissos tang\u00edveis para enfrentar os complexos desafios enfrentados pelos sistemas agroalimentares da Am\u00e9rica Latina e do Caribe, ressaltando a urg\u00eancia da a\u00e7\u00e3o coletiva para atingir as metas de desenvolvimento sustent\u00e1vel e garantir a seguran\u00e7a alimentar para todos.<\/p>\n\n\n\n<p>(imagem: FAO)<\/p>","protected":false},"excerpt":{"rendered":"<p>In a gathering marked by sober reflections and urgent calls for action, the Ministerial Segment of the 38th Session of the Food and Agriculture Organization&hellip;<\/p>","protected":false},"author":16,"featured_media":13208,"comment_status":"open","ping_status":"closed","sticky":false,"template":"","format":"standard","meta":{"_monsterinsights_skip_tracking":false,"_monsterinsights_sitenote_active":false,"_monsterinsights_sitenote_note":"","_monsterinsights_sitenote_category":0,"_vp_format_video_url":"","_vp_image_focal_point":[],"_jetpack_memberships_contains_paid_content":false,"footnotes":""},"categories":[332,410],"tags":[457,290,322,324,296,584],"class_list":["post-13207","post","type-post","status-publish","format-standard","has-post-thumbnail","hentry","category-news","category-tribu","tag-caribbean","tag-food-security","tag-latin-america","tag-policy","tag-trade","tag-united-nations"],"acf":{"content_format":false},"aioseo_notices":[],"jetpack_featured_media_url":"https:\/\/tribu.la\/wp-content\/uploads\/2024\/03\/fao.webp","jetpack_sharing_enabled":true,"publishpress_future_action":{"enabled":false,"date":"2026-05-06 17:04:31","action":"category","newStatus":"draft","terms":[337],"taxonomy":"category","extraData":[]},"publishpress_future_workflow_manual_trigger":{"enabledWorkflows":[]},"_links":{"self":[{"href":"https:\/\/tribu.la\/pt\/wp-json\/wp\/v2\/posts\/13207","targetHints":{"allow":["GET"]}}],"collection":[{"href":"https:\/\/tribu.la\/pt\/wp-json\/wp\/v2\/posts"}],"about":[{"href":"https:\/\/tribu.la\/pt\/wp-json\/wp\/v2\/types\/post"}],"author":[{"embeddable":true,"href":"https:\/\/tribu.la\/pt\/wp-json\/wp\/v2\/users\/16"}],"replies":[{"embeddable":true,"href":"https:\/\/tribu.la\/pt\/wp-json\/wp\/v2\/comments?post=13207"}],"version-history":[{"count":0,"href":"https:\/\/tribu.la\/pt\/wp-json\/wp\/v2\/posts\/13207\/revisions"}],"wp:featuredmedia":[{"embeddable":true,"href":"https:\/\/tribu.la\/pt\/wp-json\/wp\/v2\/media\/13208"}],"wp:attachment":[{"href":"https:\/\/tribu.la\/pt\/wp-json\/wp\/v2\/media?parent=13207"}],"wp:term":[{"taxonomy":"category","embeddable":true,"href":"https:\/\/tribu.la\/pt\/wp-json\/wp\/v2\/categories?post=13207"},{"taxonomy":"post_tag","embeddable":true,"href":"https:\/\/tribu.la\/pt\/wp-json\/wp\/v2\/tags?post=13207"}],"curies":[{"name":"wp","href":"https:\/\/api.w.org\/{rel}","templated":true}]}}