{"id":18014,"date":"2025-01-22T07:49:39","date_gmt":"2025-01-22T12:49:39","guid":{"rendered":"https:\/\/tribu.la\/?p=18014"},"modified":"2025-02-20T07:59:05","modified_gmt":"2025-02-20T12:59:05","slug":"grupo-pereira-launches-acceleration-program-for-retail-technology-startups","status":"publish","type":"post","link":"https:\/\/tribu.la\/es\/grupo-pereira-launches-acceleration-program-for-retail-technology-startups\/","title":{"rendered":"El Grupo Pereira lanza un programa de aceleraci\u00f3n para startups tecnol\u00f3gicas del sector minorista"},"content":{"rendered":"<p><a href=\"https:\/\/www.grpereira.com.br\/\" title=\"\">Grupo Pereira<\/a>una de las principales cadenas minoristas de Brasil, ha anunciado el lanzamiento de <a href=\"https:\/\/startups.grpereira.com.br\/\" title=\"\">Grupo Pereira Startups (GPS)<\/a>un programa de aceleraci\u00f3n destinado a fomentar la innovaci\u00f3n tecnol\u00f3gica en el sector minorista. La iniciativa busca atraer startups que desarrollen soluciones en \u00e1mbitos como la inteligencia artificial, Internet de las Cosas (IoT), biotecnolog\u00eda y nanotecnolog\u00eda.<\/p>\n\n\n\n<p><strong>Resumen del programa<\/strong><\/p>\n\n\n\n<p>GPS es un programa de cinco meses dise\u00f1ado para proporcionar a las startups seleccionadas tutor\u00eda de expertos de la industria, acceso a la infraestructura operativa del Grupo Pereira y oportunidades para probar sus soluciones en el mundo real. El programa sigue un modelo libre de capital, lo que permite a las startups participar sin renunciar a la propiedad.<\/p>\n\n\n\n<p>La iniciativa est\u00e1 abierta a startups con un Producto M\u00ednimo Viable (PMV) validado que ya est\u00e9n en funcionamiento o en fase de crecimiento. El proceso de selecci\u00f3n evaluar\u00e1 la madurez de cada negocio, la calidad de las soluciones propuestas, la diversidad del equipo y la viabilidad del modelo de negocio.<\/p>\n\n\n\n<p>Los participantes tendr\u00e1n la oportunidad de interactuar con la sede del Grupo Pereira en Campo Grande y asistir a eventos en Florian\u00f3polis. Aunque la aceleraci\u00f3n se llevar\u00e1 a cabo principalmente de forma remota, estas sesiones en persona proporcionar\u00e1n un compromiso directo con los ejecutivos de la compa\u00f1\u00eda y los l\u00edderes de la industria.<\/p>\n\n\n\n<p><strong>Visi\u00f3n estrat\u00e9gica y futuro potencial de inversi\u00f3n<\/strong><\/p>\n\n\n\n<p>Seg\u00fan Alfredo Lopes, Director de Tecnolog\u00eda del Grupo Pereira, el programa est\u00e1 estructurado para establecer colaboraciones significativas entre la empresa y el ecosistema de startups. A diferencia de los programas de aceleraci\u00f3n corporativos tradicionales, que se centran \u00fanicamente en resolver retos empresariales internos, GPS pretende posicionar a las startups como socios estrat\u00e9gicos en el cambiante panorama del comercio minorista.<\/p>\n\n\n\n<p>La visi\u00f3n a largo plazo del Grupo Pereira incluye la posibilidad de invertir en startups seleccionadas. Aunque actualmente el programa no garantiza la financiaci\u00f3n, la empresa ha indicado que podr\u00eda realizar inversiones selectivas, en particular en startups que demuestren un fuerte potencial de crecimiento y una alineaci\u00f3n estrat\u00e9gica con los objetivos del grupo.<\/p>\n\n\n\n<p><strong>Proceso de solicitud y selecci\u00f3n<\/strong><\/p>\n\n\n\n<p>Las startups interesadas en participar en GPS pueden presentar su solicitud hasta el 9 de febrero de 2025. Los resultados de la selecci\u00f3n se anunciar\u00e1n a finales de marzo, y el programa comenzar\u00e1 oficialmente en abril. La iniciativa est\u00e1 abierta a startups de todo Brasil, ofreci\u00e9ndoles la oportunidad de probar y perfeccionar sus soluciones dentro de uno de los mayores ecosistemas minoristas del pa\u00eds.<\/p>\n\n\n\n<p>El Grupo Pereira, que opera m\u00e1s de 140 unidades de negocio bajo marcas como Fort Atacadista y Comper, ha estado invirtiendo activamente en avances tecnol\u00f3gicos, incluyendo soluciones minoristas basadas en inteligencia artificial y herramientas automatizadas de atenci\u00f3n al cliente. Con GPS, la empresa pretende reforzar a\u00fan m\u00e1s su papel en la innovaci\u00f3n del comercio minorista fomentando la colaboraci\u00f3n con empresas tecnol\u00f3gicas emergentes.<\/p>\n\n\n\n<p><\/p>","protected":false},"excerpt":{"rendered":"<p>El Grupo Pereira ha puesto en marcha un programa de aceleraci\u00f3n para empresas emergentes del sector minorista, que ofrece tutor\u00eda, contactos con la industria y oportunidades de prueba en un formato libre de acciones.<\/p>","protected":false},"author":16,"featured_media":18015,"comment_status":"open","ping_status":"open","sticky":false,"template":"","format":"standard","meta":{"_monsterinsights_skip_tracking":false,"_monsterinsights_sitenote_active":false,"_monsterinsights_sitenote_note":"","_monsterinsights_sitenote_category":0,"_vp_format_video_url":"","_vp_image_focal_point":[],"_jetpack_memberships_contains_paid_content":false,"footnotes":""},"categories":[332,410],"tags":[227,326,255,345],"class_list":["post-18014","post","type-post","status-publish","format-standard","has-post-thumbnail","hentry","category-news","category-tribu","tag-brazil","tag-cvc","tag-food-retail","tag-startup-program"],"acf":[],"aioseo_notices":[],"jetpack_featured_media_url":"https:\/\/tribu.la\/wp-content\/uploads\/2025\/02\/gps.webp","jetpack_sharing_enabled":true,"publishpress_future_action":{"enabled":false,"date":"2026-05-05 14:13:52","action":"category","newStatus":"draft","terms":[337],"taxonomy":"category","extraData":[]},"publishpress_future_workflow_manual_trigger":{"enabledWorkflows":[]},"_links":{"self":[{"href":"https:\/\/tribu.la\/es\/wp-json\/wp\/v2\/posts\/18014","targetHints":{"allow":["GET"]}}],"collection":[{"href":"https:\/\/tribu.la\/es\/wp-json\/wp\/v2\/posts"}],"about":[{"href":"https:\/\/tribu.la\/es\/wp-json\/wp\/v2\/types\/post"}],"author":[{"embeddable":true,"href":"https:\/\/tribu.la\/es\/wp-json\/wp\/v2\/users\/16"}],"replies":[{"embeddable":true,"href":"https:\/\/tribu.la\/es\/wp-json\/wp\/v2\/comments?post=18014"}],"version-history":[{"count":1,"href":"https:\/\/tribu.la\/es\/wp-json\/wp\/v2\/posts\/18014\/revisions"}],"predecessor-version":[{"id":18016,"href":"https:\/\/tribu.la\/es\/wp-json\/wp\/v2\/posts\/18014\/revisions\/18016"}],"wp:featuredmedia":[{"embeddable":true,"href":"https:\/\/tribu.la\/es\/wp-json\/wp\/v2\/media\/18015"}],"wp:attachment":[{"href":"https:\/\/tribu.la\/es\/wp-json\/wp\/v2\/media?parent=18014"}],"wp:term":[{"taxonomy":"category","embeddable":true,"href":"https:\/\/tribu.la\/es\/wp-json\/wp\/v2\/categories?post=18014"},{"taxonomy":"post_tag","embeddable":true,"href":"https:\/\/tribu.la\/es\/wp-json\/wp\/v2\/tags?post=18014"}],"curies":[{"name":"wp","href":"https:\/\/api.w.org\/{rel}","templated":true}]}}