{"id":14534,"date":"2024-07-04T16:41:23","date_gmt":"2024-07-04T20:41:23","guid":{"rendered":"https:\/\/tribu.la\/?p=14534"},"modified":"2024-07-04T16:41:50","modified_gmt":"2024-07-04T20:41:50","slug":"aumenta-el-hambre-en-el-mundo-el-director-general-de-la-fao-insiste-en-los-compromisos-politicos-y-sociales-para-la-seguridad-alimentaria","status":"publish","type":"post","link":"https:\/\/tribu.la\/es\/global-hunger-on-the-rise-fao-director-general-stresses-political-and-social-commitments-for-food-security\/","title":{"rendered":"Aumenta el hambre en el mundo: el Director General de la FAO subraya los compromisos pol\u00edticos y sociales para la seguridad alimentaria"},"content":{"rendered":"<p>El hambre en el mundo sigue una alarmante tendencia al alza, que exige un firme compromiso pol\u00edtico y social, adem\u00e1s de medidas de pol\u00edtica econ\u00f3mica, seg\u00fan QU Dongyu, Director General de la Organizaci\u00f3n Mundial de la Salud (OMS). <a href=\"https:\/\/www.fao.org\/\" title=\"\">Organizaci\u00f3n de las Naciones Unidas para la Agricultura y la Alimentaci\u00f3n (FAO)<\/a>. En su intervenci\u00f3n en el Examen Global de la Ayuda para el Comercio organizado por la Organizaci\u00f3n Mundial del Comercio en Ginebra, Qu subray\u00f3 la importancia de las pr\u00e1cticas comerciales justas para promover un crecimiento inclusivo y equitativo.<\/p>\n\n\n\n<p>Durante una mesa redonda de alto nivel con Luc Magloire Mbarga Atangana, Ministro de Comercio de Camer\u00fan, Mathieu Guibolo Fanaa, Ministro de Comercio e Industria de Chad, y otros expertos, Qu destac\u00f3 la necesidad de pol\u00edticas comerciales complementarias para potenciar los objetivos mundiales de seguridad alimentaria. Atangana subray\u00f3 que alimentar al mundo es un reto de seguridad, y abog\u00f3 por normas claras y vinculantes para apoyar a las naciones en desarrollo. Subray\u00f3 que las iniciativas de Ayuda para el Comercio deber\u00edan centrarse en mejorar la capacidad de suministro y el desarrollo de la producci\u00f3n.<\/p>\n\n\n\n<div class=\"wp-block-fluent-crm-conditional-content\"><div class=\"fc-cond-blocks\">\n<hr class=\"wp-block-separator has-alpha-channel-opacity\"\/>\n\n\n\n<p class=\"has-text-color has-link-color wp-elements-7c1a4c1ee8bafae5d5065b126af965af\" style=\"color:#555555\"><strong>No se lo pierda.<\/strong> Suscr\u00edbase a nuestro bolet\u00edn para recibir los \u00faltimos contenidos directamente en su bandeja de entrada, o <a href=\"https:\/\/tribu.la\/es\/registrese-en\/\" target=\"_blank\" rel=\"noreferrer noopener\">reg\u00edstrese en<\/a> GRATIS para obtener acceso completo.<\/p>\n\n\n<div class='fluentform ff-default fluentform_wrapper_2  ff_guten_block ff_guten_block-2 ffs_default_wrap'><form data-form_id=\"2\" id=\"fluentform_2\" class=\"frm-fluent-form fluent_form_2 ff-el-form-top ff_form_instance_2_1 ff-form-loading ffs_default\" data-form_instance=\"ff_form_instance_2_1\" method=\"POST\" action=\"\" ><fieldset  style=\"border: none!important;margin: 0!important;padding: 0!important;background-color: transparent!important;box-shadow: none!important;outline: none!important; min-inline-size: 100%;\">\n                    <legend class=\"ff_screen_reader_title\" style=\"display: block; margin: 0!important;padding: 0!important;height: 0!important;text-indent: -999999px;width: 0!important;overflow:hidden;\">Formulario de suscripci\u00f3n<\/legend><input type='hidden' name='__fluent_form_embded_post_id' value='14534' \/><input type=\"hidden\" id=\"_fluentform_2_fluentformnonce\" name=\"_fluentform_2_fluentformnonce\" value=\"61ce547b3d\" \/><input type=\"hidden\" name=\"_wp_http_referer\" value=\"\/es\/wp-json\/wp\/v2\/posts\/14534\" \/><div data-name=\"ff_cn_id_1\"  class='ff-t-container ff-column-container ff_columns_total_2'><div class='ff-t-cell ff-t-column-1' style='flex-basis: 65%;'><div class='ff-el-group'><div class='ff-el-input--content'><input type=\"email\" name=\"email\" id=\"ff_2_email\" class=\"ff-el-form-control\" placeholder=\"Su correo electr\u00f3nico\" data-name=\"email\"  aria-invalid=\"false\" aria-required=\"true\"><\/div><\/div><\/div><div class='ff-t-cell ff-t-column-2' style='flex-basis: 35%;'><div class='ff-el-group ff-text-left ff_submit_btn_wrapper ff_submit_btn_wrapper_custom'><button class=\"ff-btn ff-btn-submit ff-btn-md ff_btn_style wpf_has_custom_css\" type=\"submit\" name=\"custom_submit_button-2_1\" data-name=\"custom_submit_button-2_1\"  aria-label=\"Suscr\u00edbase a\">Suscr\u00edbase a<\/button><style>form.fluent_form_2 .wpf_has_custom_css.ff-btn-submit { background-color:rgba(0, 0, 0, 1);border-color:rgba(0, 0, 0, 1);color:#ffffff;min-width:100%; }form.fluent_form_2 .wpf_has_custom_css.ff-btn-submit:hover { background-color:#ffffff;border-color:#409EFF;color:#409EFF;min-width:100%; } <\/style><\/div><\/div><\/div><\/fieldset><input type=\"hidden\" name=\"trp-form-language\" value=\"es\"\/><\/form><div id='fluentform_2_errors' class='ff-errors-in-stack ff_form_instance_2_1 ff-form-loading_errors ff_form_instance_2_1_errors'><\/div><\/div>            <script type=\"text\/javascript\">\n                window.fluent_form_ff_form_instance_2_1 = {\"id\":\"2\",\"settings\":{\"layout\":{\"labelPlacement\":\"top\",\"helpMessagePlacement\":\"with_label\",\"errorMessagePlacement\":\"inline\",\"asteriskPlacement\":\"\"},\"restrictions\":{\"denyEmptySubmission\":{\"enabled\":false}}},\"form_instance\":\"ff_form_instance_2_1\",\"form_id_selector\":\"fluentform_2\",\"rules\":{\"email\":{\"required\":{\"value\":true,\"message\":\"This field is required\"},\"email\":{\"value\":true,\"message\":\"This field must contain a valid email\"}}},\"debounce_time\":300};\n                            <\/script>\n            \n\n\n<hr class=\"wp-block-separator has-alpha-channel-opacity\"\/>\n<\/div><\/div>\n\n\n\n<p>Fanaa pidi\u00f3 que se d\u00e9 prioridad a la seguridad alimentaria en el marco de la OMC, subrayando la necesidad de aumentar la producci\u00f3n agr\u00edcola en \u00c1frica y de establecer condiciones equitativas en los mercados internacionales. La seguridad alimentaria y el comercio agr\u00edcola fueron temas clave en las sesiones de trabajo de la conferencia de tres d\u00edas, con la participaci\u00f3n activa de funcionarios de la FAO.<\/p>\n\n\n\n<p>Qu present\u00f3 cinco sugerencias para hacer frente a la inseguridad alimentaria mundial, se\u00f1alando que las previsiones de la FAO predicen cerca de 600 millones de personas cr\u00f3nicamente desnutridas para 2030. Sus recomendaciones inclu\u00edan:<\/p>\n\n\n\n<ol class=\"wp-block-list\">\n<li><strong>Invertir en infraestructuras rurales<\/strong>: Mejorar el acceso de los peque\u00f1os agricultores a los mercados mediante inversiones en banda ancha, servicios financieros, carreteras e instalaciones de almacenamiento.<\/li>\n\n\n\n<li><strong>Investigaci\u00f3n, desarrollo e innovaci\u00f3n<\/strong>: Reforzar la resistencia y la sostenibilidad de los sistemas agroalimentarios reduciendo al mismo tiempo las emisiones de gases de efecto invernadero y fomentando la gesti\u00f3n sostenible del agua.<\/li>\n\n\n\n<li><strong>Reducir la p\u00e9rdida y el desperdicio de alimentos<\/strong>: Aplicaci\u00f3n de medidas para minimizar el desperdicio de alimentos.<\/li>\n\n\n\n<li><strong>Centrarse en los peque\u00f1os agricultores y las poblaciones vulnerables<\/strong>: Priorizar el apoyo a estos grupos para alcanzar los objetivos anteriores.<\/li>\n\n\n\n<li><strong>Colaboraci\u00f3n y gobernanza mundiales<\/strong>: Mejorar la cooperaci\u00f3n y la gobernanza para lograr un mundo sostenible y con seguridad alimentaria.<\/li>\n<\/ol>\n\n\n\n<p>\"Tenemos que cuidar de nuestro planeta antes de que sea demasiado tarde\", concluy\u00f3 Qu, subrayando la urgencia de estas medidas para hacer frente a la creciente crisis mundial del hambre.<\/p>","protected":false},"excerpt":{"rendered":"<p>El hambre en el mundo va en aumento, lo que hace necesario un fuerte compromiso pol\u00edtico y social junto a medidas econ\u00f3micas para alcanzar la seguridad alimentaria, seg\u00fan el Director General de la FAO.<\/p>","protected":false},"author":16,"featured_media":14536,"comment_status":"open","ping_status":"closed","sticky":false,"template":"","format":"standard","meta":{"_monsterinsights_skip_tracking":false,"_monsterinsights_sitenote_active":false,"_monsterinsights_sitenote_note":"","_monsterinsights_sitenote_category":0,"_vp_format_video_url":"","_vp_image_focal_point":[],"_jetpack_memberships_contains_paid_content":false,"footnotes":""},"categories":[332,410],"tags":[290,329],"class_list":["post-14534","post","type-post","status-publish","format-standard","has-post-thumbnail","hentry","category-news","category-tribu","tag-food-security","tag-smallholder"],"acf":{"content_format":false},"aioseo_notices":[],"jetpack_featured_media_url":"https:\/\/tribu.la\/wp-content\/uploads\/2024\/07\/fao.webp","jetpack_sharing_enabled":true,"publishpress_future_action":{"enabled":false,"date":"2026-05-06 09:17:34","action":"category","newStatus":"draft","terms":[337],"taxonomy":"category","extraData":[]},"publishpress_future_workflow_manual_trigger":{"enabledWorkflows":[]},"_links":{"self":[{"href":"https:\/\/tribu.la\/es\/wp-json\/wp\/v2\/posts\/14534","targetHints":{"allow":["GET"]}}],"collection":[{"href":"https:\/\/tribu.la\/es\/wp-json\/wp\/v2\/posts"}],"about":[{"href":"https:\/\/tribu.la\/es\/wp-json\/wp\/v2\/types\/post"}],"author":[{"embeddable":true,"href":"https:\/\/tribu.la\/es\/wp-json\/wp\/v2\/users\/16"}],"replies":[{"embeddable":true,"href":"https:\/\/tribu.la\/es\/wp-json\/wp\/v2\/comments?post=14534"}],"version-history":[{"count":1,"href":"https:\/\/tribu.la\/es\/wp-json\/wp\/v2\/posts\/14534\/revisions"}],"predecessor-version":[{"id":14535,"href":"https:\/\/tribu.la\/es\/wp-json\/wp\/v2\/posts\/14534\/revisions\/14535"}],"wp:featuredmedia":[{"embeddable":true,"href":"https:\/\/tribu.la\/es\/wp-json\/wp\/v2\/media\/14536"}],"wp:attachment":[{"href":"https:\/\/tribu.la\/es\/wp-json\/wp\/v2\/media?parent=14534"}],"wp:term":[{"taxonomy":"category","embeddable":true,"href":"https:\/\/tribu.la\/es\/wp-json\/wp\/v2\/categories?post=14534"},{"taxonomy":"post_tag","embeddable":true,"href":"https:\/\/tribu.la\/es\/wp-json\/wp\/v2\/tags?post=14534"}],"curies":[{"name":"wp","href":"https:\/\/api.w.org\/{rel}","templated":true}]}}