{"id":11342,"date":"2023-06-29T14:31:16","date_gmt":"2023-06-29T18:31:16","guid":{"rendered":"https:\/\/tribu.la\/?p=11342"},"modified":"2026-04-14T21:48:59","modified_gmt":"2026-04-15T01:48:59","slug":"una-normalidad-mas-volatil-para-las-materias-primas-alimentarias-y-agricolas-sp-global","status":"publish","type":"post","link":"https:\/\/tribu.la\/es\/a-more-volatile-normal-for-food-and-agricultural-commodities-sp-global\/","title":{"rendered":"M\u00e1s volatilidad para las materias primas agr\u00edcolas y alimentarias - S&amp;P Global"},"content":{"rendered":"<p><strong>Este es un resumen del contenido publicado originalmente el 28 de junio de 2023 por <a href=\"https:\/\/newrepublic.com\/authors\/andrew-zaleski\"><\/a><a href=\"https:\/\/www.spglobal.com\/commodityinsights\/en\/contributors\/2766754\/lee-bridgett\">Lee Bridgett<\/a>para <a href=\"https:\/\/www.spglobal.com\/\">S&amp;P Global<\/a>. Imagen de S&amp;P Global. Puede leer la publicaci\u00f3n original <a href=\"https:\/\/www.spglobal.com\/commodityinsights\/en\/market-insights\/blogs\/agriculture\/062823-inflation-food-and-agricultural-commodities-wheat-corn-cattle-hog#\">AQU\u00cd<\/a>.<\/strong><\/p>\n\n\n\n<hr class=\"wp-block-separator has-alpha-channel-opacity\"\/>\n\n\n\n<p><strong>INGL\u00c9S<\/strong><\/p>\n\n\n\n<ul class=\"wp-block-list\">\n<li>La inflaci\u00f3n, especialmente en los precios de los alimentos, ha sido un importante motivo de preocupaci\u00f3n en los \u00faltimos tiempos.<\/li>\n\n\n\n<li>Los precios de las materias primas por s\u00ed solos no impulsan la inflaci\u00f3n; intervienen otros factores.<\/li>\n\n\n\n<li>Se observan similitudes con la d\u00e9cada de 1970 debido a la elevada inflaci\u00f3n mundial y al aumento de los precios de los alimentos.<\/li>\n\n\n\n<li>Las anteriores subidas de los precios de las materias primas no siempre provocaron una inflaci\u00f3n mundial generalizada.<\/li>\n\n\n\n<li>Los cambios estructurales en el sistema alimentario han modificado la din\u00e1mica, incluido el aumento del comercio mundial y los cambios en la demanda de prote\u00ednas animales y combustibles renovables.<\/li>\n\n\n\n<li>Los precios de los alimentos han bajado a largo plazo ajustados a la inflaci\u00f3n, pero la volatilidad ha aumentado.<\/li>\n<\/ul>\n\n\n\n<div style=\"height:50px\" aria-hidden=\"true\" class=\"wp-block-spacer\"><\/div>\n\n\n\n<p><strong>ESPA\u00d1OL<\/strong><\/p>\n\n\n\n<ul class=\"wp-block-list\">\n<li>La inflaci\u00f3n, especialmente en los precios de los alimentos, ha sido una preocupaci\u00f3n importante recientemente.<\/li>\n\n\n\n<li>Los precios de las materias primas por s\u00ed solos no impulsan la inflaci\u00f3n; intervienen otros factores.<\/li>\n\n\n\n<li>Se observan similitudes con la d\u00e9cada de 1970 debido a la alta inflaci\u00f3n global y el aumento de los precios de los alimentos.<\/li>\n\n\n\n<li>Las oleadas pasadas en los precios de las materias primas no siempre condujeron a una inflaci\u00f3n global generalizada.<\/li>\n\n\n\n<li>Los cambios estructurales en el sistema alimentario han alterado las din\u00e1micas, incluido el aumento del comercio global y los cambios en la demanda de prote\u00ednas animales y combustibles renovables.<\/li>\n\n\n\n<li>Los precios de los alimentos han disminuido a largo plazo cuando se ajustan por inflaci\u00f3n, pero la volatilidad ha aumentado.<\/li>\n<\/ul>\n\n\n\n<div style=\"height:50px\" aria-hidden=\"true\" class=\"wp-block-spacer\"><\/div>\n\n\n\n<p><strong>PORTUGU\u00caS<\/strong><\/p>\n\n\n\n<ul class=\"wp-block-list\">\n<li>La inflaci\u00f3n, especialmente en los precios de los alimentos, ha sido recientemente una preocupaci\u00f3n significativa.<\/li>\n\n\n\n<li>Los precios de las materias primas por s\u00ed solos no impulsan la inflaci\u00f3n; hay otros factores implicados.<\/li>\n\n\n\n<li>Se observan similitudes con la d\u00e9cada de 1970 debido a la alta inflaci\u00f3n global y al aumento de los precios de los alimentos.<\/li>\n\n\n\n<li>Las subidas anteriores de los precios de las materias primas no siempre resultaron en una ca\u00edda global generalizada.<\/li>\n\n\n\n<li>Los cambios estructurales en el sistema alimentario han alterado la din\u00e1mica, incluido el aumento del comercio mundial y los cambios en la demanda de prote\u00ednas animales y combustibles renovables.<\/li>\n\n\n\n<li>Los precios de los alimentos han disminuido a largo plazo al ajustarse por inflaci\u00f3n, pero la volatilidad ha aumentado.<\/li>\n<\/ul>\n\n\n\n<div style=\"height:100px\" aria-hidden=\"true\" class=\"wp-block-spacer\"><\/div>","protected":false},"excerpt":{"rendered":"<p>This is a summary of the content that was originally published on 28 June 2023 by Lee Bridgett, for S&amp;P Global. Image by S&amp;P Global.&hellip;<\/p>","protected":false},"author":16,"featured_media":11343,"comment_status":"open","ping_status":"closed","sticky":false,"template":"","format":"standard","meta":{"_monsterinsights_skip_tracking":false,"_monsterinsights_sitenote_active":false,"_monsterinsights_sitenote_note":"","_monsterinsights_sitenote_category":0,"_vp_format_video_url":"","_vp_image_focal_point":[],"_jetpack_memberships_contains_paid_content":false,"footnotes":""},"categories":[284],"tags":[290,379],"class_list":["post-11342","post","type-post","status-publish","format-standard","has-post-thumbnail","hentry","category-news-summaries","tag-food-security","tag-market-trends"],"acf":[],"aioseo_notices":[],"jetpack_featured_media_url":"https:\/\/tribu.la\/wp-content\/uploads\/2023\/06\/sp-5d88d8d9-a00b-4d56-95ef-4d6916d2fde4.jpg","jetpack_sharing_enabled":true,"publishpress_future_action":{"enabled":false,"date":"2026-05-03 01:57:51","action":"category","newStatus":"draft","terms":[337],"taxonomy":"category","extraData":[]},"publishpress_future_workflow_manual_trigger":{"enabledWorkflows":[]},"_links":{"self":[{"href":"https:\/\/tribu.la\/es\/wp-json\/wp\/v2\/posts\/11342","targetHints":{"allow":["GET"]}}],"collection":[{"href":"https:\/\/tribu.la\/es\/wp-json\/wp\/v2\/posts"}],"about":[{"href":"https:\/\/tribu.la\/es\/wp-json\/wp\/v2\/types\/post"}],"author":[{"embeddable":true,"href":"https:\/\/tribu.la\/es\/wp-json\/wp\/v2\/users\/16"}],"replies":[{"embeddable":true,"href":"https:\/\/tribu.la\/es\/wp-json\/wp\/v2\/comments?post=11342"}],"version-history":[{"count":1,"href":"https:\/\/tribu.la\/es\/wp-json\/wp\/v2\/posts\/11342\/revisions"}],"predecessor-version":[{"id":21675,"href":"https:\/\/tribu.la\/es\/wp-json\/wp\/v2\/posts\/11342\/revisions\/21675"}],"wp:featuredmedia":[{"embeddable":true,"href":"https:\/\/tribu.la\/es\/wp-json\/wp\/v2\/media\/11343"}],"wp:attachment":[{"href":"https:\/\/tribu.la\/es\/wp-json\/wp\/v2\/media?parent=11342"}],"wp:term":[{"taxonomy":"category","embeddable":true,"href":"https:\/\/tribu.la\/es\/wp-json\/wp\/v2\/categories?post=11342"},{"taxonomy":"post_tag","embeddable":true,"href":"https:\/\/tribu.la\/es\/wp-json\/wp\/v2\/tags?post=11342"}],"curies":[{"name":"wp","href":"https:\/\/api.w.org\/{rel}","templated":true}]}}